{"id":85,"date":"2018-09-04T13:48:34","date_gmt":"2018-09-04T11:48:34","guid":{"rendered":"https:\/\/ubuntu-coaching.com\/?p=85"},"modified":"2018-10-12T15:54:26","modified_gmt":"2018-10-12T13:54:26","slug":"la-beaute-est-dans-loeil-de-celui-qui-regarde","status":"publish","type":"post","link":"https:\/\/ubuntu-coaching.com\/index.php\/2018\/09\/04\/la-beaute-est-dans-loeil-de-celui-qui-regarde\/","title":{"rendered":"La beaut\u00e9 est dans l\u2019\u0153il de celui qui regarde"},"content":{"rendered":"<p>Comment regardons-nous le monde et les autres\u00a0?<\/p>\n<p>Nous voyons le monde \u00e0 notre fa\u00e7on\u00a0; et c\u2019est le reflet de notre univers que nous percevons. A chaque niveau de conscience correspondent des perceptions et des \u00e9motions dominantes diff\u00e9rentes.<\/p>\n<p>\u00c0 quelle occasion vous arrive-t-il de vous retrouver face \u00e0 quelqu\u2019un et de vous sentir \u00e0 des ann\u00e9es lumi\u00e8res de cette personne ? Vous n\u2019avez aucune id\u00e9e de ce dont elle parle, ne la comprenez pas ou avez simplement l\u2019impression d\u2019\u00eatre ailleurs.<\/p>\n<p>Votre r\u00e9alit\u00e9 est autre. Cela peut s\u2019expliquer par le fait que vous n\u2019\u00eates pas au m\u00eame niveau de conscience l\u2019une et l\u2019autre.<\/p>\n<p>Souvent, nous recherchons des causes ext\u00e9rieures qui entravent notre cheminement avant d\u2019accepter notre propre responsabilit\u00e9 pour notre vie. Chaque \u00eatre humain est porteur d\u2019un projet, d\u2019une aventure, d\u2019une potentialit\u00e9 souvent bien plus grande que ce qu\u2019il imagine.<\/p>\n<p>Dans quelle mesure la vie qui est en nous peut-elle faire la diff\u00e9rence sur cette Terre\u00a0?<\/p>\n<ul>\n<li>Quelles sont les valeurs fondamentales qui nous animent\u00a0?<\/li>\n<li>Quelles sont nos possibilit\u00e9s de d\u00e9veloppement\u00a0?<\/li>\n<li>Quel est notre niveau de conscience individuel ou collectif\u00a0?<\/li>\n<li>Comment transformer sa qu\u00eate en joie\u00a0?<\/li>\n<\/ul>\n<p>L\u2019humanit\u00e9 \u00e9volue par \u00e9tapes, en fonction de stades de conscience diff\u00e9rents. Ce si\u00e8cle nous offre de voir cohabiter de pr\u00e8s et dans le m\u00eame temps diff\u00e9rents syst\u00e8mes de valeurs issus de cultures diff\u00e9rentes. Autour de nous, et au sein de chacun d\u2019entre nous.<br \/>\nLe mod\u00e8le de la Spirale Dynamique poss\u00e8de de vastes usages congruents dans l\u2019entreprise, car il d\u00e9verrouille nos incompr\u00e9hensions d\u2019un monde qui change vite, et auxquelles les soci\u00e9t\u00e9s doivent s\u2019adapter. Puissant pour appr\u00e9hender l\u2019environnement dans lequel une organisation \u00e9volue\u00a0!<\/p>\n<ul>\n<li>Qu\u2019est-ce qui fait l\u2019entit\u00e9 de l\u2019entreprise\u00a0?<\/li>\n<li>Qu\u2019est-ce que la culture de l\u2019entreprise, ses modes de fonctionnements, l\u2019organisation du travail, la vision de son dirigeant, nous disent du niveau d\u2019existence\u00a0dominant ?<\/li>\n<li>Quelles sont les valeurs profondes qui conduisent ses clients \u00e0 utiliser les services et produits de cette entreprise\u00a0?<\/li>\n<\/ul>\n<p>Outil pr\u00e9cieux aussi pour comprendre les relations interpersonnelles dans le travail. Par exemple, quand un ensemble d\u2019\u00eatres (managers, services, d\u00e9partements\u2026) pr\u00e9sum\u00e9s travailler ensemble vont \u00e0 l\u2019encontre les uns des autres ou s\u2019affrontent, du fait de leurs repr\u00e9sentations du monde (niveaux de conscience) dissemblables.<\/p>\n<p>Exiger que l\u2019autre \u2013 quels que soient son titre, sa fonction, son statut \u2013 change sa vision du monde est sans doute condamn\u00e9 d\u2019avance\u00a0: c\u2019est un mouvement interne qui ne saurait \u00eatre contraint. L\u2019adoption d\u2019une modification de niveau de conscience d\u00e9coule, soit d\u2019une conjoncture de troubles, (personnels et\/ou professionnels), d\u2019une crise, de l\u2019imbroglio \u00e0 s\u2019adapter \u00e0 un nouvel environnement, soit d\u2019un travail de d\u00e9veloppement personnel.<\/p>\n<p><b>Exemple d\u00b4un manager ayant besoin d\u00b4un nouveau d\u00e9fi<\/b><\/p>\n<p>1 \u2013 Ce manager a d\u00e9j\u00e0 affirm\u00e9 ses valeurs motrices personnelles. Il accorde de l\u2019importance aux relations, se remet en cause, exprime un profond d\u00e9sir de changement, souhaite mettre en ad\u00e9quation ses objectifs professionnels et ses ambitions dans la vie, enfin, se consacrer \u00e0 des projets utiles \u00e0 autrui.<br \/>\n2 \u2013 \u00c0 son avis, son entreprise se concentre avant tout sur la productivit\u00e9 et les r\u00e9sultats financiers. Elle ne poursuit aucun objectif d\u00b4int\u00e9r\u00eat g\u00e9n\u00e9ral. Elle manifeste peu d\u2019ouverture au changement.<br \/>\n3 \u2013 Ce cadre aspire \u00e0 \u0153uvrer en faveur d\u00b4une cause, au sein d\u00b4une entreprise dynamique et en pleine \u00e9volution, parmi une \u00e9quipe impliqu\u00e9e et solidaire. Il est peu probable que sa soci\u00e9t\u00e9 dans un court d\u00e9lai, change de culture en l\u00b4absence de tout app\u00e9tit et de toute volont\u00e9 de transformation.<br \/>\nLe manager en question quittera l\u00b4entreprise.<\/p>\n<p>Les d\u00e9marches qui fonctionnent, qui sont profitables et qui \u00e9panouissent les individus ont le pouvoir de rayonner autour d\u2019elles. Et les paliers s\u2019atteignent pas \u00e0 pas :<br \/>\n<em>\u00ab\u00a0Celui qui d\u00e9place une montagne commence par d\u00e9placer de petites pierres\u00a0\u00bb <\/em><br \/>\n<b>Confucius<\/b><\/p>\n","protected":false},"excerpt":{"rendered":"<p>Comment regardons-nous le monde et les autres\u00a0? Nous voyons le monde \u00e0 notre fa\u00e7on\u00a0; et c\u2019est le reflet de notre univers que nous percevons. A chaque niveau de conscience correspondent des perceptions et des \u00e9motions dominantes diff\u00e9rentes. \u00c0 quelle occasion vous arrive-t-il de vous retrouver face \u00e0 quelqu\u2019un et de vous sentir \u00e0 des ann\u00e9es &hellip; <\/p>\n<p class=\"link-more\"><a href=\"https:\/\/ubuntu-coaching.com\/index.php\/2018\/09\/04\/la-beaute-est-dans-loeil-de-celui-qui-regarde\/\" class=\"more-link\">Continuer la lecture<span class=\"screen-reader-text\"> de &laquo;&nbsp;La beaut\u00e9 est dans l\u2019\u0153il de celui qui regarde&nbsp;&raquo;<\/span><\/a><\/p>\n","protected":false},"author":1,"featured_media":377,"comment_status":"closed","ping_status":"closed","sticky":false,"template":"","format":"image","meta":{"footnotes":""},"categories":[1],"tags":[],"class_list":["post-85","post","type-post","status-publish","format-image","has-post-thumbnail","hentry","category-non-classe","post_format-post-format-image"],"_links":{"self":[{"href":"https:\/\/ubuntu-coaching.com\/index.php\/wp-json\/wp\/v2\/posts\/85","targetHints":{"allow":["GET"]}}],"collection":[{"href":"https:\/\/ubuntu-coaching.com\/index.php\/wp-json\/wp\/v2\/posts"}],"about":[{"href":"https:\/\/ubuntu-coaching.com\/index.php\/wp-json\/wp\/v2\/types\/post"}],"author":[{"embeddable":true,"href":"https:\/\/ubuntu-coaching.com\/index.php\/wp-json\/wp\/v2\/users\/1"}],"replies":[{"embeddable":true,"href":"https:\/\/ubuntu-coaching.com\/index.php\/wp-json\/wp\/v2\/comments?post=85"}],"version-history":[{"count":4,"href":"https:\/\/ubuntu-coaching.com\/index.php\/wp-json\/wp\/v2\/posts\/85\/revisions"}],"predecessor-version":[{"id":383,"href":"https:\/\/ubuntu-coaching.com\/index.php\/wp-json\/wp\/v2\/posts\/85\/revisions\/383"}],"wp:featuredmedia":[{"embeddable":true,"href":"https:\/\/ubuntu-coaching.com\/index.php\/wp-json\/wp\/v2\/media\/377"}],"wp:attachment":[{"href":"https:\/\/ubuntu-coaching.com\/index.php\/wp-json\/wp\/v2\/media?parent=85"}],"wp:term":[{"taxonomy":"category","embeddable":true,"href":"https:\/\/ubuntu-coaching.com\/index.php\/wp-json\/wp\/v2\/categories?post=85"},{"taxonomy":"post_tag","embeddable":true,"href":"https:\/\/ubuntu-coaching.com\/index.php\/wp-json\/wp\/v2\/tags?post=85"}],"curies":[{"name":"wp","href":"https:\/\/api.w.org\/{rel}","templated":true}]}}